{"id":4306,"date":"2024-10-27T16:23:10","date_gmt":"2024-10-27T15:23:10","guid":{"rendered":"https:\/\/carnavaldetoulouse.fr\/SiteCarnaval\/?p=4306"},"modified":"2024-11-19T10:59:05","modified_gmt":"2024-11-19T09:59:05","slug":"mobilite-europeenne-erasmus-malte-du-17-au-21-octobre","status":"publish","type":"post","link":"https:\/\/carnavaldetoulouse.fr\/SiteCarnaval\/mobilite-europeenne-erasmus-malte-du-17-au-21-octobre\/","title":{"rendered":"Mobilit\u00e9 europ\u00e9enne Erasmus+ : Malte du 17 au 21 octobre"},"content":{"rendered":"\t\t<div data-elementor-type=\"wp-post\" data-elementor-id=\"4306\" class=\"elementor elementor-4306\" data-elementor-post-type=\"post\">\n\t\t\t\t\t\t<section class=\"elementor-section elementor-top-section elementor-element elementor-element-3aea7df0 elementor-section-boxed elementor-section-height-default elementor-section-height-default\" data-id=\"3aea7df0\" data-element_type=\"section\" data-e-type=\"section\">\n\t\t\t\t\t\t<div class=\"elementor-container elementor-column-gap-default\">\n\t\t\t\t\t<div class=\"elementor-column elementor-col-50 elementor-top-column elementor-element elementor-element-2c64bbda\" data-id=\"2c64bbda\" data-element_type=\"column\" data-e-type=\"column\">\n\t\t\t<div class=\"elementor-widget-wrap elementor-element-populated\">\n\t\t\t\t\t\t<div class=\"elementor-element elementor-element-47f41f00 elementor-widget elementor-widget-text-editor\" data-id=\"47f41f00\" data-element_type=\"widget\" data-e-type=\"widget\" data-widget_type=\"text-editor.default\">\n\t\t\t\t<div class=\"elementor-widget-container\">\n\t\t\t\t\t\t\t\t\t<p><\/p>\n<p class=\"wp-block-heading\">Erasmusplus mobilit\u00e9 des adultes \/ Consortium Samba R\u00e9sille<br \/><br \/>Rencontre de la FECC (F\u00c9D\u00c9RATION EUROP\u00c9ENNE DES CIT\u00c9S CARNAVAL) \u00e0 La Valette, Malte<br \/>Membre depuis cette ann\u00e9e, le COCU part \u00e0 la rencontre des diff\u00e9rents Carnavals d&rsquo;Europe et du monde pour d\u00e9velopper son r\u00e9seau et faire rayonner le carnaval de Toulouse.<br \/>Clarissa, directrice et Laurent, charg\u00e9 de communication du Carnaval de Toulouse sont les \u00e9missaires du COCU du 18 au 21 octobre.<\/p>\n<p><\/p>\t\t\t\t\t\t\t\t<\/div>\n\t\t\t\t<\/div>\n\t\t\t\t\t<\/div>\n\t\t<\/div>\n\t\t\t\t<div class=\"elementor-column elementor-col-50 elementor-top-column elementor-element elementor-element-3ade1fd\" data-id=\"3ade1fd\" data-element_type=\"column\" data-e-type=\"column\">\n\t\t\t<div class=\"elementor-widget-wrap elementor-element-populated\">\n\t\t\t\t\t\t<div class=\"elementor-element elementor-element-f351e9b elementor-widget elementor-widget-image\" data-id=\"f351e9b\" data-element_type=\"widget\" data-e-type=\"widget\" data-widget_type=\"image.default\">\n\t\t\t\t<div class=\"elementor-widget-container\">\n\t\t\t\t\t\t\t\t\t\t\t\t\t\t\t<img decoding=\"async\" src=\"https:\/\/carnavaldetoulouse.fr\/SiteCarnaval\/wp-content\/uploads\/elementor\/thumbs\/mairie-qw8c91y43y20um6kcbq56y4pq190wwmisyft339b7k.jpg\" title=\"\" alt=\"\" loading=\"lazy\" \/>\t\t\t\t\t\t\t\t\t\t\t\t\t\t\t<\/div>\n\t\t\t\t<\/div>\n\t\t\t\t\t<\/div>\n\t\t<\/div>\n\t\t\t\t\t<\/div>\n\t\t<\/section>\n\t\t\t\t<section class=\"elementor-section elementor-top-section elementor-element elementor-element-911b44d elementor-section-boxed elementor-section-height-default elementor-section-height-default\" data-id=\"911b44d\" data-element_type=\"section\" data-e-type=\"section\">\n\t\t\t\t\t\t<div class=\"elementor-container elementor-column-gap-default\">\n\t\t\t\t\t<div class=\"elementor-column elementor-col-100 elementor-top-column elementor-element elementor-element-206af1e\" data-id=\"206af1e\" data-element_type=\"column\" data-e-type=\"column\">\n\t\t\t<div class=\"elementor-widget-wrap elementor-element-populated\">\n\t\t\t\t\t\t<div class=\"elementor-element elementor-element-785fec0 elementor-widget elementor-widget-gallery\" data-id=\"785fec0\" data-element_type=\"widget\" data-e-type=\"widget\" data-settings=\"{&quot;lazyload&quot;:&quot;yes&quot;,&quot;gallery_layout&quot;:&quot;grid&quot;,&quot;columns&quot;:4,&quot;columns_tablet&quot;:2,&quot;columns_mobile&quot;:1,&quot;gap&quot;:{&quot;unit&quot;:&quot;px&quot;,&quot;size&quot;:10,&quot;sizes&quot;:[]},&quot;gap_tablet&quot;:{&quot;unit&quot;:&quot;px&quot;,&quot;size&quot;:10,&quot;sizes&quot;:[]},&quot;gap_mobile&quot;:{&quot;unit&quot;:&quot;px&quot;,&quot;size&quot;:10,&quot;sizes&quot;:[]},&quot;link_to&quot;:&quot;file&quot;,&quot;aspect_ratio&quot;:&quot;3:2&quot;,&quot;overlay_background&quot;:&quot;yes&quot;,&quot;content_hover_animation&quot;:&quot;fade-in&quot;}\" data-widget_type=\"gallery.default\">\n\t\t\t\t<div class=\"elementor-widget-container\">\n\t\t\t\t\t\t\t<div class=\"elementor-gallery__container\">\n\t\t\t\t\t\t\t<a class=\"e-gallery-item elementor-gallery-item elementor-animated-content\" href=\"https:\/\/carnavaldetoulouse.fr\/SiteCarnaval\/wp-content\/uploads\/2024\/10\/mairie.jpg\" data-elementor-open-lightbox=\"yes\" data-elementor-lightbox-slideshow=\"785fec0\" data-e-action-hash=\"#elementor-action%3Aaction%3Dlightbox%26settings%3DeyJpZCI6NDMwNywidXJsIjoiaHR0cHM6XC9cL2Nhcm5hdmFsZGV0b3Vsb3VzZS5mclwvU2l0ZUNhcm5hdmFsXC93cC1jb250ZW50XC91cGxvYWRzXC8yMDI0XC8xMFwvbWFpcmllLmpwZyIsInNsaWRlc2hvdyI6Ijc4NWZlYzAifQ%3D%3D\">\n\t\t\t\t\t<div class=\"e-gallery-image elementor-gallery-item__image\" data-thumbnail=\"https:\/\/carnavaldetoulouse.fr\/SiteCarnaval\/wp-content\/uploads\/2024\/10\/mairie-300x225.jpg\" data-width=\"300\" data-height=\"225\" aria-label=\"\" role=\"img\" ><\/div>\n\t\t\t\t\t\t\t\t\t\t\t<div class=\"elementor-gallery-item__overlay\"><\/div>\n\t\t\t\t\t\t\t\t\t\t\t\t\t\t<\/a>\n\t\t\t\t\t\t\t<a class=\"e-gallery-item elementor-gallery-item elementor-animated-content\" href=\"https:\/\/carnavaldetoulouse.fr\/SiteCarnaval\/wp-content\/uploads\/2024\/10\/20241019_111040-scaled.jpg\" data-elementor-open-lightbox=\"yes\" data-elementor-lightbox-slideshow=\"785fec0\" data-e-action-hash=\"#elementor-action%3Aaction%3Dlightbox%26settings%3DeyJpZCI6NDMxMCwidXJsIjoiaHR0cHM6XC9cL2Nhcm5hdmFsZGV0b3Vsb3VzZS5mclwvU2l0ZUNhcm5hdmFsXC93cC1jb250ZW50XC91cGxvYWRzXC8yMDI0XC8xMFwvMjAyNDEwMTlfMTExMDQwLXNjYWxlZC5qcGciLCJzbGlkZXNob3ciOiI3ODVmZWMwIn0%3D\">\n\t\t\t\t\t<div class=\"e-gallery-image elementor-gallery-item__image\" data-thumbnail=\"https:\/\/carnavaldetoulouse.fr\/SiteCarnaval\/wp-content\/uploads\/2024\/10\/20241019_111040-225x300.jpg\" data-width=\"225\" data-height=\"300\" aria-label=\"\" role=\"img\" ><\/div>\n\t\t\t\t\t\t\t\t\t\t\t<div class=\"elementor-gallery-item__overlay\"><\/div>\n\t\t\t\t\t\t\t\t\t\t\t\t\t\t<\/a>\n\t\t\t\t\t\t\t<a class=\"e-gallery-item elementor-gallery-item elementor-animated-content\" href=\"https:\/\/carnavaldetoulouse.fr\/SiteCarnaval\/wp-content\/uploads\/2024\/10\/20241019_114301-scaled.jpg\" data-elementor-open-lightbox=\"yes\" data-elementor-lightbox-slideshow=\"785fec0\" data-e-action-hash=\"#elementor-action%3Aaction%3Dlightbox%26settings%3DeyJpZCI6NDMxMSwidXJsIjoiaHR0cHM6XC9cL2Nhcm5hdmFsZGV0b3Vsb3VzZS5mclwvU2l0ZUNhcm5hdmFsXC93cC1jb250ZW50XC91cGxvYWRzXC8yMDI0XC8xMFwvMjAyNDEwMTlfMTE0MzAxLXNjYWxlZC5qcGciLCJzbGlkZXNob3ciOiI3ODVmZWMwIn0%3D\">\n\t\t\t\t\t<div class=\"e-gallery-image elementor-gallery-item__image\" data-thumbnail=\"https:\/\/carnavaldetoulouse.fr\/SiteCarnaval\/wp-content\/uploads\/2024\/10\/20241019_114301-225x300.jpg\" data-width=\"225\" data-height=\"300\" aria-label=\"\" role=\"img\" ><\/div>\n\t\t\t\t\t\t\t\t\t\t\t<div class=\"elementor-gallery-item__overlay\"><\/div>\n\t\t\t\t\t\t\t\t\t\t\t\t\t\t<\/a>\n\t\t\t\t\t\t\t<a class=\"e-gallery-item elementor-gallery-item elementor-animated-content\" href=\"https:\/\/carnavaldetoulouse.fr\/SiteCarnaval\/wp-content\/uploads\/2024\/10\/20241019_154515-scaled.jpg\" data-elementor-open-lightbox=\"yes\" data-elementor-lightbox-slideshow=\"785fec0\" data-e-action-hash=\"#elementor-action%3Aaction%3Dlightbox%26settings%3DeyJpZCI6NDMxMiwidXJsIjoiaHR0cHM6XC9cL2Nhcm5hdmFsZGV0b3Vsb3VzZS5mclwvU2l0ZUNhcm5hdmFsXC93cC1jb250ZW50XC91cGxvYWRzXC8yMDI0XC8xMFwvMjAyNDEwMTlfMTU0NTE1LXNjYWxlZC5qcGciLCJzbGlkZXNob3ciOiI3ODVmZWMwIn0%3D\">\n\t\t\t\t\t<div class=\"e-gallery-image elementor-gallery-item__image\" data-thumbnail=\"https:\/\/carnavaldetoulouse.fr\/SiteCarnaval\/wp-content\/uploads\/2024\/10\/20241019_154515-225x300.jpg\" data-width=\"225\" data-height=\"300\" aria-label=\"\" role=\"img\" ><\/div>\n\t\t\t\t\t\t\t\t\t\t\t<div class=\"elementor-gallery-item__overlay\"><\/div>\n\t\t\t\t\t\t\t\t\t\t\t\t\t\t<\/a>\n\t\t\t\t\t\t\t<a class=\"e-gallery-item elementor-gallery-item elementor-animated-content\" href=\"https:\/\/carnavaldetoulouse.fr\/SiteCarnaval\/wp-content\/uploads\/2024\/10\/20241020_093030-scaled.jpg\" data-elementor-open-lightbox=\"yes\" data-elementor-lightbox-slideshow=\"785fec0\" data-e-action-hash=\"#elementor-action%3Aaction%3Dlightbox%26settings%3DeyJpZCI6NDMxMywidXJsIjoiaHR0cHM6XC9cL2Nhcm5hdmFsZGV0b3Vsb3VzZS5mclwvU2l0ZUNhcm5hdmFsXC93cC1jb250ZW50XC91cGxvYWRzXC8yMDI0XC8xMFwvMjAyNDEwMjBfMDkzMDMwLXNjYWxlZC5qcGciLCJzbGlkZXNob3ciOiI3ODVmZWMwIn0%3D\">\n\t\t\t\t\t<div class=\"e-gallery-image elementor-gallery-item__image\" data-thumbnail=\"https:\/\/carnavaldetoulouse.fr\/SiteCarnaval\/wp-content\/uploads\/2024\/10\/20241020_093030-225x300.jpg\" data-width=\"225\" data-height=\"300\" aria-label=\"\" role=\"img\" ><\/div>\n\t\t\t\t\t\t\t\t\t\t\t<div class=\"elementor-gallery-item__overlay\"><\/div>\n\t\t\t\t\t\t\t\t\t\t\t\t\t\t<\/a>\n\t\t\t\t\t\t\t<a class=\"e-gallery-item elementor-gallery-item elementor-animated-content\" href=\"https:\/\/carnavaldetoulouse.fr\/SiteCarnaval\/wp-content\/uploads\/2024\/10\/20241020_183006-scaled.jpg\" data-elementor-open-lightbox=\"yes\" data-elementor-lightbox-slideshow=\"785fec0\" data-e-action-hash=\"#elementor-action%3Aaction%3Dlightbox%26settings%3DeyJpZCI6NDMxNCwidXJsIjoiaHR0cHM6XC9cL2Nhcm5hdmFsZGV0b3Vsb3VzZS5mclwvU2l0ZUNhcm5hdmFsXC93cC1jb250ZW50XC91cGxvYWRzXC8yMDI0XC8xMFwvMjAyNDEwMjBfMTgzMDA2LXNjYWxlZC5qcGciLCJzbGlkZXNob3ciOiI3ODVmZWMwIn0%3D\">\n\t\t\t\t\t<div class=\"e-gallery-image elementor-gallery-item__image\" data-thumbnail=\"https:\/\/carnavaldetoulouse.fr\/SiteCarnaval\/wp-content\/uploads\/2024\/10\/20241020_183006-225x300.jpg\" data-width=\"225\" data-height=\"300\" aria-label=\"\" role=\"img\" ><\/div>\n\t\t\t\t\t\t\t\t\t\t\t<div class=\"elementor-gallery-item__overlay\"><\/div>\n\t\t\t\t\t\t\t\t\t\t\t\t\t\t<\/a>\n\t\t\t\t\t\t\t<a class=\"e-gallery-item elementor-gallery-item elementor-animated-content\" href=\"https:\/\/carnavaldetoulouse.fr\/SiteCarnaval\/wp-content\/uploads\/2024\/10\/20241020_183249-scaled.jpg\" data-elementor-open-lightbox=\"yes\" data-elementor-lightbox-slideshow=\"785fec0\" data-e-action-hash=\"#elementor-action%3Aaction%3Dlightbox%26settings%3DeyJpZCI6NDMxNSwidXJsIjoiaHR0cHM6XC9cL2Nhcm5hdmFsZGV0b3Vsb3VzZS5mclwvU2l0ZUNhcm5hdmFsXC93cC1jb250ZW50XC91cGxvYWRzXC8yMDI0XC8xMFwvMjAyNDEwMjBfMTgzMjQ5LXNjYWxlZC5qcGciLCJzbGlkZXNob3ciOiI3ODVmZWMwIn0%3D\">\n\t\t\t\t\t<div class=\"e-gallery-image elementor-gallery-item__image\" data-thumbnail=\"https:\/\/carnavaldetoulouse.fr\/SiteCarnaval\/wp-content\/uploads\/2024\/10\/20241020_183249-225x300.jpg\" data-width=\"225\" data-height=\"300\" aria-label=\"\" role=\"img\" ><\/div>\n\t\t\t\t\t\t\t\t\t\t\t<div class=\"elementor-gallery-item__overlay\"><\/div>\n\t\t\t\t\t\t\t\t\t\t\t\t\t\t<\/a>\n\t\t\t\t\t<\/div>\n\t\t\t\t\t<\/div>\n\t\t\t\t<\/div>\n\t\t\t\t\t<\/div>\n\t\t<\/div>\n\t\t\t\t\t<\/div>\n\t\t<\/section>\n\t\t\t\t<\/div>\n\t\t","protected":false},"excerpt":{"rendered":"<p>Rencontre avec les membres de la FECC (Federation European Carnaval Cities) dont le Carnaval de Toulouse est depuis peu nouveau membre.<\/p>\n","protected":false},"author":2,"featured_media":4307,"comment_status":"closed","ping_status":"closed","sticky":false,"template":"","format":"standard","meta":{"footnotes":""},"categories":[12],"tags":[],"class_list":["post-4306","post","type-post","status-publish","format-standard","has-post-thumbnail","hentry","category-news"],"_links":{"self":[{"href":"https:\/\/carnavaldetoulouse.fr\/SiteCarnaval\/wp-json\/wp\/v2\/posts\/4306","targetHints":{"allow":["GET"]}}],"collection":[{"href":"https:\/\/carnavaldetoulouse.fr\/SiteCarnaval\/wp-json\/wp\/v2\/posts"}],"about":[{"href":"https:\/\/carnavaldetoulouse.fr\/SiteCarnaval\/wp-json\/wp\/v2\/types\/post"}],"author":[{"embeddable":true,"href":"https:\/\/carnavaldetoulouse.fr\/SiteCarnaval\/wp-json\/wp\/v2\/users\/2"}],"replies":[{"embeddable":true,"href":"https:\/\/carnavaldetoulouse.fr\/SiteCarnaval\/wp-json\/wp\/v2\/comments?post=4306"}],"version-history":[{"count":5,"href":"https:\/\/carnavaldetoulouse.fr\/SiteCarnaval\/wp-json\/wp\/v2\/posts\/4306\/revisions"}],"predecessor-version":[{"id":4325,"href":"https:\/\/carnavaldetoulouse.fr\/SiteCarnaval\/wp-json\/wp\/v2\/posts\/4306\/revisions\/4325"}],"wp:featuredmedia":[{"embeddable":true,"href":"https:\/\/carnavaldetoulouse.fr\/SiteCarnaval\/wp-json\/wp\/v2\/media\/4307"}],"wp:attachment":[{"href":"https:\/\/carnavaldetoulouse.fr\/SiteCarnaval\/wp-json\/wp\/v2\/media?parent=4306"}],"wp:term":[{"taxonomy":"category","embeddable":true,"href":"https:\/\/carnavaldetoulouse.fr\/SiteCarnaval\/wp-json\/wp\/v2\/categories?post=4306"},{"taxonomy":"post_tag","embeddable":true,"href":"https:\/\/carnavaldetoulouse.fr\/SiteCarnaval\/wp-json\/wp\/v2\/tags?post=4306"}],"curies":[{"name":"wp","href":"https:\/\/api.w.org\/{rel}","templated":true}]}}